{"id":10349,"date":"2020-04-17T08:24:46","date_gmt":"2020-04-17T13:24:46","guid":{"rendered":"https:\/\/www.retailsystem.com\/cz\/?p=10349"},"modified":"2020-04-17T08:31:43","modified_gmt":"2020-04-17T13:31:43","slug":"covid-has-brought-the-ecommerce-conversation-front-and-center-embrace-it","status":"publish","type":"post","link":"https:\/\/www.retailsystem.com\/cz\/blog\/covid-has-brought-the-ecommerce-conversation-front-and-center-embrace-it\/","title":{"rendered":"COVID-19 has brought the eCommerce conversation front and center &#8211; Embrace it!"},"content":{"rendered":"<p><img loading=\"lazy\" decoding=\"async\" class=\"size-full wp-image-10296 alignleft\" src=\"https:\/\/www.retailsystem.com\/cz\/wp-content\/uploads\/sites\/5\/2020\/01\/in-stock.jpg\" alt=\"\" width=\"339\" height=\"111\" \/>COVID has brought the eCommerce conversation front and center. No more dancing around it. No more putting it off because it is scary \u2013 unknown, not the \u201cway\u201d you operate. Embrace it!<\/p>\n<p>As someone that has been part of the home furnishings industry for over 20 years I have lost track of how many times traditional furniture retailers have said \u2013 \u201cI don\u2019t sell online \u2013 it\u2019s not the way we operate\u201d (or some strategically crafted variation of that statement). Enter COVID-19.<\/p>\n<p>Whether or not you ever actually do sell anything online \u2013 your website better be an &#8222;awesome&#8220; and seamless extension of your traditional retail business; and it better have an eCommerce component. Let the customer chose whether they ring the online cart or ring the in-store till &#8211; they expect it. Either way you win!<\/p>\n<p>But as retailers run to now \u201cDo eCommerce\u201d \u2013 don\u2019t get caught not knowing what this all really means. <strong>Having a website with a cart <em>DOES NOT<\/em> equal \u201cDoing eCommerce\u201d<\/strong>.<\/p>\n<p><em>Today\u2019s topic.<\/em> If you are a traditional furniture retailer with a \u201ccatalog\u201d based website; meaning it magically \u201chas\u201d all the products from all the vendors you carry &#8211; have you checked if those catalogs are current with the COVID supply chain challenges?! Consumer expectations are such that you better be offering products that are ACTUALLY available in some respectable time frame from all those vendors. Trust me &#8211; there will be a negative impact to your retail business if you are showing products that are not available from your suppliers. The last thing you want to do is start your day with irate customers who found products that are no longer available! Watch how fast your merchant processor changes their tune when you are increasing cancelled orders. Don\u2019t get caught with chargebacks and negative reviews because you didn\u2019t ask the question! \u201c<em>How current is this catalog<\/em>?\u201d<\/p>\n<p><strong><em>Omnichannel eCommerce 101 tips:<\/em><\/strong><\/p>\n<ul>\n<li><em>Make sure the products listed on your website are currently available from your vendor(s). Make sure your \u201cendless aisle\u201d isn\u2019t smoke and mirrors.<\/em><\/li>\n<li><em>Make sure your current inventory is front and center! As a retailer you know these products are available \u2013 they are in your possession! <strong>In Stock<\/strong>. <strong>On Display<\/strong>. Get it communicated.<\/em><\/li>\n<\/ul>\n<p>Ecommerce can be an exciting part of your retail model. It has to be!<\/p>\n<p>Retail on!<\/p>\n","protected":false},"excerpt":{"rendered":"<p>COVID has brought the eCommerce conversation front and center. No more dancing around it. No more putting it off because it is scary \u2013 unknown, not the \u201cway\u201d you operate. Embrace it! As someone that has been part of the&#8230;<\/p>\n","protected":false},"author":3,"featured_media":10296,"comment_status":"closed","ping_status":"closed","sticky":false,"template":"","format":"standard","meta":{"_acf_changed":false,"footnotes":""},"categories":[21,8,5],"tags":[],"class_list":["post-10349","post","type-post","status-publish","format-standard","has-post-thumbnail","hentry","category-ecommerce","category-omnichannel","category-retailsystem"],"acf":[],"yoast_head":"<!-- This site is optimized with the Yoast SEO plugin v20.11 - https:\/\/yoast.com\/wordpress\/plugins\/seo\/ -->\n<title>COVID-19 has brought the eCommerce conversation front and center - Embrace it! - RetailSystem Czech Republic<\/title>\n<meta name=\"robots\" content=\"index, follow, max-snippet:-1, max-image-preview:large, max-video-preview:-1\" \/>\n<link rel=\"canonical\" href=\"https:\/\/www.retailsystem.com\/cz\/blog\/covid-has-brought-the-ecommerce-conversation-front-and-center-embrace-it\/\" \/>\n<meta property=\"og:locale\" content=\"cs_CZ\" \/>\n<meta property=\"og:type\" content=\"article\" \/>\n<meta property=\"og:title\" content=\"COVID-19 has brought the eCommerce conversation front and center - Embrace it! - RetailSystem Czech Republic\" \/>\n<meta property=\"og:description\" content=\"COVID has brought the eCommerce conversation front and center. No more dancing around it. No more putting it off because it is scary \u2013 unknown, not the \u201cway\u201d you operate. Embrace it! As someone that has been part of the...\" \/>\n<meta property=\"og:url\" content=\"https:\/\/www.retailsystem.com\/cz\/blog\/covid-has-brought-the-ecommerce-conversation-front-and-center-embrace-it\/\" \/>\n<meta property=\"og:site_name\" content=\"RetailSystem Czech Republic\" \/>\n<meta property=\"article:published_time\" content=\"2020-04-17T13:24:46+00:00\" \/>\n<meta property=\"article:modified_time\" content=\"2020-04-17T13:31:43+00:00\" \/>\n<meta property=\"og:image\" content=\"https:\/\/www.retailsystem.com\/cz\/wp-content\/uploads\/sites\/5\/2020\/01\/in-stock.jpg\" \/>\n\t<meta property=\"og:image:width\" content=\"339\" \/>\n\t<meta property=\"og:image:height\" content=\"111\" \/>\n\t<meta property=\"og:image:type\" content=\"image\/jpeg\" \/>\n<meta name=\"twitter:card\" content=\"summary_large_image\" \/>\n<meta name=\"twitter:creator\" content=\"@jesseakre\" \/>\n<meta name=\"twitter:site\" content=\"@jesseakre\" \/>\n<meta name=\"twitter:label1\" content=\"Napsal(a)\" \/>\n\t<meta name=\"twitter:data1\" content=\"\" \/>\n\t<meta name=\"twitter:label2\" content=\"Odhadovan\u00e1 doba \u010dten\u00ed\" \/>\n\t<meta name=\"twitter:data2\" content=\"2 minuty\" \/>\n<script type=\"application\/ld+json\" class=\"yoast-schema-graph\">{\"@context\":\"https:\/\/schema.org\",\"@graph\":[{\"@type\":\"Article\",\"@id\":\"https:\/\/www.retailsystem.com\/cz\/blog\/covid-has-brought-the-ecommerce-conversation-front-and-center-embrace-it\/#article\",\"isPartOf\":{\"@id\":\"https:\/\/www.retailsystem.com\/cz\/blog\/covid-has-brought-the-ecommerce-conversation-front-and-center-embrace-it\/\"},\"author\":{\"name\":\"\",\"@id\":\"\"},\"headline\":\"COVID-19 has brought the eCommerce conversation front and center &#8211; Embrace it!\",\"datePublished\":\"2020-04-17T13:24:46+00:00\",\"dateModified\":\"2020-04-17T13:31:43+00:00\",\"mainEntityOfPage\":{\"@id\":\"https:\/\/www.retailsystem.com\/cz\/blog\/covid-has-brought-the-ecommerce-conversation-front-and-center-embrace-it\/\"},\"wordCount\":399,\"publisher\":{\"@id\":\"https:\/\/www.retailsystem.com\/cz\/#organization\"},\"articleSection\":[\"Ecommerce\",\"Omnichannel\",\"RetailSystem\"],\"inLanguage\":\"cs\"},{\"@type\":\"WebPage\",\"@id\":\"https:\/\/www.retailsystem.com\/cz\/blog\/covid-has-brought-the-ecommerce-conversation-front-and-center-embrace-it\/\",\"url\":\"https:\/\/www.retailsystem.com\/cz\/blog\/covid-has-brought-the-ecommerce-conversation-front-and-center-embrace-it\/\",\"name\":\"COVID-19 has brought the eCommerce conversation front and center - Embrace it! - RetailSystem Czech Republic\",\"isPartOf\":{\"@id\":\"https:\/\/www.retailsystem.com\/cz\/#website\"},\"datePublished\":\"2020-04-17T13:24:46+00:00\",\"dateModified\":\"2020-04-17T13:31:43+00:00\",\"breadcrumb\":{\"@id\":\"https:\/\/www.retailsystem.com\/cz\/blog\/covid-has-brought-the-ecommerce-conversation-front-and-center-embrace-it\/#breadcrumb\"},\"inLanguage\":\"cs\",\"potentialAction\":[{\"@type\":\"ReadAction\",\"target\":[\"https:\/\/www.retailsystem.com\/cz\/blog\/covid-has-brought-the-ecommerce-conversation-front-and-center-embrace-it\/\"]}]},{\"@type\":\"BreadcrumbList\",\"@id\":\"https:\/\/www.retailsystem.com\/cz\/blog\/covid-has-brought-the-ecommerce-conversation-front-and-center-embrace-it\/#breadcrumb\",\"itemListElement\":[{\"@type\":\"ListItem\",\"position\":1,\"name\":\"Home\",\"item\":\"https:\/\/www.retailsystem.com\/cz\/\"},{\"@type\":\"ListItem\",\"position\":2,\"name\":\"COVID-19 has brought the eCommerce conversation front and center &#8211; Embrace it!\"}]},{\"@type\":\"WebSite\",\"@id\":\"https:\/\/www.retailsystem.com\/cz\/#website\",\"url\":\"https:\/\/www.retailsystem.com\/cz\/\",\"name\":\"RetailSystem\",\"description\":\"Cloud-based EPOS for Furniture and Mattress Retailers\",\"publisher\":{\"@id\":\"https:\/\/www.retailsystem.com\/cz\/#organization\"},\"potentialAction\":[{\"@type\":\"SearchAction\",\"target\":{\"@type\":\"EntryPoint\",\"urlTemplate\":\"https:\/\/www.retailsystem.com\/cz\/?s={search_term_string}\"},\"query-input\":\"required name=search_term_string\"}],\"inLanguage\":\"cs\"},{\"@type\":\"Organization\",\"@id\":\"https:\/\/www.retailsystem.com\/cz\/#organization\",\"name\":\"RetailSystem\",\"url\":\"https:\/\/www.retailsystem.com\/cz\/\",\"logo\":{\"@type\":\"ImageObject\",\"inLanguage\":\"cs\",\"@id\":\"https:\/\/www.retailsystem.com\/cz\/#\/schema\/logo\/image\/\",\"url\":\"https:\/\/www.retailsystem.com\/cz\/wp-content\/uploads\/sites\/5\/2020\/07\/RetailSystem-250.png\",\"contentUrl\":\"https:\/\/www.retailsystem.com\/cz\/wp-content\/uploads\/sites\/5\/2020\/07\/RetailSystem-250.png\",\"width\":250,\"height\":49,\"caption\":\"RetailSystem\"},\"image\":{\"@id\":\"https:\/\/www.retailsystem.com\/cz\/#\/schema\/logo\/image\/\"},\"sameAs\":[\"https:\/\/twitter.com\/jesseakre\",\"https:\/\/www.linkedin.com\/company\/retailsystem\/\"]},{\"@type\":\"Person\",\"@id\":\"\",\"url\":\"https:\/\/www.retailsystem.com\/cz\/blog\/author\/\"}]}<\/script>\n<!-- \/ Yoast SEO plugin. -->","yoast_head_json":{"title":"COVID-19 has brought the eCommerce conversation front and center - Embrace it! - RetailSystem Czech Republic","robots":{"index":"index","follow":"follow","max-snippet":"max-snippet:-1","max-image-preview":"max-image-preview:large","max-video-preview":"max-video-preview:-1"},"canonical":"https:\/\/www.retailsystem.com\/cz\/blog\/covid-has-brought-the-ecommerce-conversation-front-and-center-embrace-it\/","og_locale":"cs_CZ","og_type":"article","og_title":"COVID-19 has brought the eCommerce conversation front and center - Embrace it! - RetailSystem Czech Republic","og_description":"COVID has brought the eCommerce conversation front and center. No more dancing around it. No more putting it off because it is scary \u2013 unknown, not the \u201cway\u201d you operate. Embrace it! As someone that has been part of the...","og_url":"https:\/\/www.retailsystem.com\/cz\/blog\/covid-has-brought-the-ecommerce-conversation-front-and-center-embrace-it\/","og_site_name":"RetailSystem Czech Republic","article_published_time":"2020-04-17T13:24:46+00:00","article_modified_time":"2020-04-17T13:31:43+00:00","og_image":[{"width":339,"height":111,"url":"https:\/\/www.retailsystem.com\/cz\/wp-content\/uploads\/sites\/5\/2020\/01\/in-stock.jpg","type":"image\/jpeg"}],"twitter_card":"summary_large_image","twitter_creator":"@jesseakre","twitter_site":"@jesseakre","twitter_misc":{"Napsal(a)":"","Odhadovan\u00e1 doba \u010dten\u00ed":"2 minuty"},"schema":{"@context":"https:\/\/schema.org","@graph":[{"@type":"Article","@id":"https:\/\/www.retailsystem.com\/cz\/blog\/covid-has-brought-the-ecommerce-conversation-front-and-center-embrace-it\/#article","isPartOf":{"@id":"https:\/\/www.retailsystem.com\/cz\/blog\/covid-has-brought-the-ecommerce-conversation-front-and-center-embrace-it\/"},"author":{"name":"","@id":""},"headline":"COVID-19 has brought the eCommerce conversation front and center &#8211; Embrace it!","datePublished":"2020-04-17T13:24:46+00:00","dateModified":"2020-04-17T13:31:43+00:00","mainEntityOfPage":{"@id":"https:\/\/www.retailsystem.com\/cz\/blog\/covid-has-brought-the-ecommerce-conversation-front-and-center-embrace-it\/"},"wordCount":399,"publisher":{"@id":"https:\/\/www.retailsystem.com\/cz\/#organization"},"articleSection":["Ecommerce","Omnichannel","RetailSystem"],"inLanguage":"cs"},{"@type":"WebPage","@id":"https:\/\/www.retailsystem.com\/cz\/blog\/covid-has-brought-the-ecommerce-conversation-front-and-center-embrace-it\/","url":"https:\/\/www.retailsystem.com\/cz\/blog\/covid-has-brought-the-ecommerce-conversation-front-and-center-embrace-it\/","name":"COVID-19 has brought the eCommerce conversation front and center - Embrace it! - RetailSystem Czech Republic","isPartOf":{"@id":"https:\/\/www.retailsystem.com\/cz\/#website"},"datePublished":"2020-04-17T13:24:46+00:00","dateModified":"2020-04-17T13:31:43+00:00","breadcrumb":{"@id":"https:\/\/www.retailsystem.com\/cz\/blog\/covid-has-brought-the-ecommerce-conversation-front-and-center-embrace-it\/#breadcrumb"},"inLanguage":"cs","potentialAction":[{"@type":"ReadAction","target":["https:\/\/www.retailsystem.com\/cz\/blog\/covid-has-brought-the-ecommerce-conversation-front-and-center-embrace-it\/"]}]},{"@type":"BreadcrumbList","@id":"https:\/\/www.retailsystem.com\/cz\/blog\/covid-has-brought-the-ecommerce-conversation-front-and-center-embrace-it\/#breadcrumb","itemListElement":[{"@type":"ListItem","position":1,"name":"Home","item":"https:\/\/www.retailsystem.com\/cz\/"},{"@type":"ListItem","position":2,"name":"COVID-19 has brought the eCommerce conversation front and center &#8211; Embrace it!"}]},{"@type":"WebSite","@id":"https:\/\/www.retailsystem.com\/cz\/#website","url":"https:\/\/www.retailsystem.com\/cz\/","name":"RetailSystem","description":"Cloud-based EPOS for Furniture and Mattress Retailers","publisher":{"@id":"https:\/\/www.retailsystem.com\/cz\/#organization"},"potentialAction":[{"@type":"SearchAction","target":{"@type":"EntryPoint","urlTemplate":"https:\/\/www.retailsystem.com\/cz\/?s={search_term_string}"},"query-input":"required name=search_term_string"}],"inLanguage":"cs"},{"@type":"Organization","@id":"https:\/\/www.retailsystem.com\/cz\/#organization","name":"RetailSystem","url":"https:\/\/www.retailsystem.com\/cz\/","logo":{"@type":"ImageObject","inLanguage":"cs","@id":"https:\/\/www.retailsystem.com\/cz\/#\/schema\/logo\/image\/","url":"https:\/\/www.retailsystem.com\/cz\/wp-content\/uploads\/sites\/5\/2020\/07\/RetailSystem-250.png","contentUrl":"https:\/\/www.retailsystem.com\/cz\/wp-content\/uploads\/sites\/5\/2020\/07\/RetailSystem-250.png","width":250,"height":49,"caption":"RetailSystem"},"image":{"@id":"https:\/\/www.retailsystem.com\/cz\/#\/schema\/logo\/image\/"},"sameAs":["https:\/\/twitter.com\/jesseakre","https:\/\/www.linkedin.com\/company\/retailsystem\/"]},{"@type":"Person","@id":"","url":"https:\/\/www.retailsystem.com\/cz\/blog\/author\/"}]}},"_links":{"self":[{"href":"https:\/\/www.retailsystem.com\/cz\/wp-json\/wp\/v2\/posts\/10349","targetHints":{"allow":["GET"]}}],"collection":[{"href":"https:\/\/www.retailsystem.com\/cz\/wp-json\/wp\/v2\/posts"}],"about":[{"href":"https:\/\/www.retailsystem.com\/cz\/wp-json\/wp\/v2\/types\/post"}],"author":[{"embeddable":true,"href":"https:\/\/www.retailsystem.com\/cz\/wp-json\/wp\/v2\/users\/3"}],"replies":[{"embeddable":true,"href":"https:\/\/www.retailsystem.com\/cz\/wp-json\/wp\/v2\/comments?post=10349"}],"version-history":[{"count":0,"href":"https:\/\/www.retailsystem.com\/cz\/wp-json\/wp\/v2\/posts\/10349\/revisions"}],"wp:featuredmedia":[{"embeddable":true,"href":"https:\/\/www.retailsystem.com\/cz\/wp-json\/wp\/v2\/media\/10296"}],"wp:attachment":[{"href":"https:\/\/www.retailsystem.com\/cz\/wp-json\/wp\/v2\/media?parent=10349"}],"wp:term":[{"taxonomy":"category","embeddable":true,"href":"https:\/\/www.retailsystem.com\/cz\/wp-json\/wp\/v2\/categories?post=10349"},{"taxonomy":"post_tag","embeddable":true,"href":"https:\/\/www.retailsystem.com\/cz\/wp-json\/wp\/v2\/tags?post=10349"}],"curies":[{"name":"wp","href":"https:\/\/api.w.org\/{rel}","templated":true}]}}